{"id":2017,"date":"2021-07-20T17:24:30","date_gmt":"2021-07-20T17:24:30","guid":{"rendered":"https:\/\/schirra-interim.de\/uncategorized\/short-term-personnel-bottlenecks-you-are-temporarily-unable-to-fill-a-management-position-yourself\/"},"modified":"2021-07-21T12:04:47","modified_gmt":"2021-07-21T12:04:47","slug":"short-term-personnel-bottlenecks-you-are-temporarily-unable-to-fill-a-management-position-yourself","status":"publish","type":"post","link":"https:\/\/schirra-interim.de\/en\/short-term-personnel-bottlenecks-you-are-temporarily-unable-to-fill-a-management-position-yourself\/","title":{"rendered":"Short-term personnel bottlenecks: You are temporarily unable to fill a management position yourself?"},"content":{"rendered":"\t\t<div data-elementor-type=\"wp-post\" data-elementor-id=\"2017\" class=\"elementor elementor-2017 elementor-1\" data-elementor-post-type=\"post\">\n\t\t\t\t\t\t<section class=\"elementor-section elementor-top-section elementor-element elementor-element-67608283 elementor-section-boxed elementor-section-height-default elementor-section-height-default\" data-id=\"67608283\" data-element_type=\"section\">\n\t\t\t\t\t\t<div class=\"elementor-container elementor-column-gap-default\">\n\t\t\t\t\t<div class=\"elementor-column elementor-col-100 elementor-top-column elementor-element elementor-element-44f5d76f\" data-id=\"44f5d76f\" data-element_type=\"column\">\n\t\t\t<div class=\"elementor-widget-wrap elementor-element-populated\">\n\t\t\t\t\t\t<div class=\"elementor-element elementor-element-7eefc248 elementor-widget elementor-widget-theme-post-featured-image elementor-widget-image\" data-id=\"7eefc248\" data-element_type=\"widget\" data-widget_type=\"theme-post-featured-image.default\">\n\t\t\t\t<div class=\"elementor-widget-container\">\n\t\t\t\t\t\t\t\t\t\t\t\t\t\t\t<img fetchpriority=\"high\" decoding=\"async\" width=\"1000\" height=\"667\" src=\"https:\/\/schirra-interim.de\/wp-content\/uploads\/2021\/07\/Schirra-Projekt5.jpg\" class=\"attachment-full size-full wp-image-2151\" alt=\"\" srcset=\"https:\/\/schirra-interim.de\/wp-content\/uploads\/2021\/07\/Schirra-Projekt5.jpg 1000w, https:\/\/schirra-interim.de\/wp-content\/uploads\/2021\/07\/Schirra-Projekt5-300x200.jpg 300w, https:\/\/schirra-interim.de\/wp-content\/uploads\/2021\/07\/Schirra-Projekt5-768x512.jpg 768w\" sizes=\"(max-width: 1000px) 100vw, 1000px\" \/>\t\t\t\t\t\t\t\t\t\t\t\t\t\t\t<\/div>\n\t\t\t\t<\/div>\n\t\t\t\t<div class=\"elementor-element elementor-element-675b25da elementor-widget elementor-widget-theme-post-title elementor-page-title elementor-widget-heading\" data-id=\"675b25da\" data-element_type=\"widget\" data-widget_type=\"theme-post-title.default\">\n\t\t\t\t<div class=\"elementor-widget-container\">\n\t\t\t\t\t<h3 class=\"elementor-heading-title elementor-size-default\">Short-term personnel bottlenecks: You are temporarily unable to fill a management position yourself?<\/h3>\t\t\t\t<\/div>\n\t\t\t\t<\/div>\n\t\t\t\t<section class=\"elementor-section elementor-inner-section elementor-element elementor-element-16bd0c9b elementor-section-boxed elementor-section-height-default elementor-section-height-default\" data-id=\"16bd0c9b\" data-element_type=\"section\" data-settings=\"{&quot;background_background&quot;:&quot;classic&quot;}\">\n\t\t\t\t\t\t<div class=\"elementor-container elementor-column-gap-default\">\n\t\t\t\t\t<div class=\"elementor-column elementor-col-100 elementor-inner-column elementor-element elementor-element-2093b0c5\" data-id=\"2093b0c5\" data-element_type=\"column\" data-settings=\"{&quot;background_background&quot;:&quot;classic&quot;}\">\n\t\t\t<div class=\"elementor-widget-wrap elementor-element-populated\">\n\t\t\t\t\t\t<div class=\"elementor-element elementor-element-76dac36c elementor-widget elementor-widget-text-editor\" data-id=\"76dac36c\" data-element_type=\"widget\" data-widget_type=\"text-editor.default\">\n\t\t\t\t<div class=\"elementor-widget-container\">\n\t\t\t\t\t\t\t\t\t<p><strong>Problem description: <\/strong><\/p>\n<p>Do you have an unexpected personnel bottleneck in the management of the sales, project management or product management division and cannot close this gap yourself at such short notice? Possible causes for such unforeseen gaps are:<\/p>\n<ul>\n<li>sudden, long-term illness and absence of an executive<\/li>\n<li>Short-term resignation and leaving of the previous job holder<\/li>\n<li>the previous job holder must close another internal gap at short notice<\/li>\n<li>Bridging the period from the search to the permanent replacement of a position, especially if the desired candidate is only available at a later point in time due to possible blocking periods<\/li>\n<li>Takeover of another company without the previous management team there<\/li>\n<\/ul>\n\t\t\t\t\t\t\t\t<\/div>\n\t\t\t\t<\/div>\n\t\t\t\t\t<\/div>\n\t\t<\/div>\n\t\t\t\t\t<\/div>\n\t\t<\/section>\n\t\t\t\t<section class=\"elementor-section elementor-inner-section elementor-element elementor-element-269a942f elementor-section-boxed elementor-section-height-default elementor-section-height-default\" data-id=\"269a942f\" data-element_type=\"section\">\n\t\t\t\t\t\t<div class=\"elementor-container elementor-column-gap-default\">\n\t\t\t\t\t<div class=\"elementor-column elementor-col-100 elementor-inner-column elementor-element elementor-element-7e096115\" data-id=\"7e096115\" data-element_type=\"column\" data-settings=\"{&quot;background_background&quot;:&quot;classic&quot;}\">\n\t\t\t<div class=\"elementor-widget-wrap elementor-element-populated\">\n\t\t\t\t\t\t<div class=\"elementor-element elementor-element-4787f35a elementor-widget elementor-widget-text-editor\" data-id=\"4787f35a\" data-element_type=\"widget\" data-widget_type=\"text-editor.default\">\n\t\t\t\t<div class=\"elementor-widget-container\">\n\t\t\t\t\t\t\t\t\t<p><strong>Solution: <\/strong><\/p>\n<p>As an interim manager with 30 years of interdisciplinary professional experience and in-depth, comprehensive expertise in the diverse fields of activity of sales, project and product management, I am available to you at short notice and can close the gap quickly and efficiently thanks to my know-how and my very good analytical skills. With my in-depth practical experience, I cover all relevant areas of responsibility.<\/p>\n<p><strong> <\/strong><\/p>\n\t\t\t\t\t\t\t\t<\/div>\n\t\t\t\t<\/div>\n\t\t\t\t\t<\/div>\n\t\t<\/div>\n\t\t\t\t\t<\/div>\n\t\t<\/section>\n\t\t\t\t\t<\/div>\n\t\t<\/div>\n\t\t\t\t\t<\/div>\n\t\t<\/section>\n\t\t\t\t<section class=\"elementor-section elementor-top-section elementor-element elementor-element-fd94ed3 elementor-section-boxed elementor-section-height-default elementor-section-height-default\" data-id=\"fd94ed3\" data-element_type=\"section\">\n\t\t\t\t\t\t<div class=\"elementor-container elementor-column-gap-default\">\n\t\t\t\t\t<div class=\"elementor-column elementor-col-50 elementor-top-column elementor-element elementor-element-3f07581\" data-id=\"3f07581\" data-element_type=\"column\">\n\t\t\t<div class=\"elementor-widget-wrap elementor-element-populated\">\n\t\t\t\t\t\t<div class=\"elementor-element elementor-element-b8912ef elementor-widget elementor-widget-heading\" data-id=\"b8912ef\" data-element_type=\"widget\" data-widget_type=\"heading.default\">\n\t\t\t\t<div class=\"elementor-widget-container\">\n\t\t\t\t\t<h2 class=\"elementor-heading-title elementor-size-default\">Share in social network<\/h2>\t\t\t\t<\/div>\n\t\t\t\t<\/div>\n\t\t\t\t\t<\/div>\n\t\t<\/div>\n\t\t\t\t<div class=\"elementor-column elementor-col-50 elementor-top-column elementor-element elementor-element-d0788ea\" data-id=\"d0788ea\" data-element_type=\"column\" data-settings=\"{&quot;background_background&quot;:&quot;classic&quot;}\">\n\t\t\t<div class=\"elementor-widget-wrap elementor-element-populated\">\n\t\t\t\t\t\t<div class=\"elementor-element elementor-element-72e4c23 uael-share-buttons--view-icon elementor-grid-tablet-4 elementor-grid-mobile-4 elementor-share-buttons--align-right uael-stylex-inline elementor-grid-0 elementor-widget elementor-widget-uael-social-share\" data-id=\"72e4c23\" data-element_type=\"widget\" data-settings=\"{&quot;columns_tablet&quot;:&quot;4&quot;,&quot;columns_mobile&quot;:&quot;4&quot;,&quot;alignment&quot;:&quot;right&quot;,&quot;columns&quot;:&quot;0&quot;,&quot;column_gap&quot;:{&quot;unit&quot;:&quot;px&quot;,&quot;size&quot;:10,&quot;sizes&quot;:[]},&quot;column_gap_tablet&quot;:{&quot;unit&quot;:&quot;px&quot;,&quot;size&quot;:10,&quot;sizes&quot;:[]},&quot;column_gap_mobile&quot;:{&quot;unit&quot;:&quot;px&quot;,&quot;size&quot;:10,&quot;sizes&quot;:[]},&quot;row_gap&quot;:{&quot;unit&quot;:&quot;px&quot;,&quot;size&quot;:0,&quot;sizes&quot;:[]},&quot;row_gap_tablet&quot;:{&quot;unit&quot;:&quot;px&quot;,&quot;size&quot;:0,&quot;sizes&quot;:[]},&quot;row_gap_mobile&quot;:{&quot;unit&quot;:&quot;px&quot;,&quot;size&quot;:10,&quot;sizes&quot;:[]},&quot;button_size&quot;:{&quot;unit&quot;:&quot;px&quot;,&quot;size&quot;:&quot;&quot;,&quot;sizes&quot;:[]},&quot;button_size_tablet&quot;:{&quot;unit&quot;:&quot;px&quot;,&quot;size&quot;:&quot;&quot;,&quot;sizes&quot;:[]},&quot;button_size_mobile&quot;:{&quot;unit&quot;:&quot;px&quot;,&quot;size&quot;:&quot;&quot;,&quot;sizes&quot;:[]},&quot;button_height&quot;:{&quot;unit&quot;:&quot;em&quot;,&quot;size&quot;:&quot;&quot;,&quot;sizes&quot;:[]},&quot;button_height_tablet&quot;:{&quot;unit&quot;:&quot;em&quot;,&quot;size&quot;:&quot;&quot;,&quot;sizes&quot;:[]},&quot;button_height_mobile&quot;:{&quot;unit&quot;:&quot;em&quot;,&quot;size&quot;:&quot;&quot;,&quot;sizes&quot;:[]},&quot;icon_size&quot;:{&quot;unit&quot;:&quot;em&quot;,&quot;size&quot;:&quot;&quot;,&quot;sizes&quot;:[]},&quot;icon_size_tablet&quot;:{&quot;unit&quot;:&quot;em&quot;,&quot;size&quot;:&quot;&quot;,&quot;sizes&quot;:[]},&quot;icon_size_mobile&quot;:{&quot;unit&quot;:&quot;em&quot;,&quot;size&quot;:&quot;&quot;,&quot;sizes&quot;:[]}}\" data-widget_type=\"uael-social-share.default\">\n\t\t\t\t<div class=\"elementor-widget-container\">\n\t\t\t\t\t\n\t\t<div class=\"uael-style-inline uael-container uael-floating-align-\" data-pin_data_url=\"\" data-share_url_type=\"current_page\" data-share_url=\"\">\n\t\t\t<div class=\"elementor-grid uael-floating-align-\">\n\t\t\t\t\t\t\t\t\t<div class=\"elementor-grid-item\">\n\t\t\t\t\t\t\t\t\t\t\t\t<a  class=\"uael-share-btn-twitter\">\n\t\t\t\t\t\t\t<div class=\"uael-share-btn elementor-animation- uaelbtn-shape-square uaelbtn--skin-flat\">\n\n\t\t\t\t\t\t\t\t\t\t\t\t\t\t\t\t\t\t<span class=\"uael-share-btn__icon\" aria-label=\"Share on twitter\">\n\t\t\t\t\t\t\t\t\t\t\t\t\t\t\t\t\t\t\t\t\t\t\t\t<i class=\"fab fa-x-twitter\" aria-hidden=\"true\"><\/i>\n\t\t\t\t\t\t\t\t\t\t\t\t\t\t\t\t\t\t\t\t\t\t\t<\/span>\n\t\t\t\t\t\t\t\t\t\t\t\t\t\t\t\t\t<\/div>\n\t\t\t\t\t\t<\/a>\n\t\t\t\t\t<\/div>\n\t\t\t\t\t\t\t\t\t\t<div class=\"elementor-grid-item\">\n\t\t\t\t\t\t\t\t\t\t\t\t<a  class=\"uael-share-btn-linkedin\">\n\t\t\t\t\t\t\t<div class=\"uael-share-btn elementor-animation- uaelbtn-shape-square uaelbtn--skin-flat\">\n\n\t\t\t\t\t\t\t\t\t\t\t\t\t\t\t\t\t\t<span class=\"uael-share-btn__icon\" aria-label=\"Share on linkedin\">\n\t\t\t\t\t\t\t\t\t\t\t\t\t\t\t\t\t\t\t\t\t\t\t\t<i class=\"fab fa-linkedin\" aria-hidden=\"true\"><\/i>\n\t\t\t\t\t\t\t\t\t\t\t\t\t\t\t\t\t\t\t\t\t\t\t<\/span>\n\t\t\t\t\t\t\t\t\t\t\t\t\t\t\t\t\t<\/div>\n\t\t\t\t\t\t<\/a>\n\t\t\t\t\t<\/div>\n\t\t\t\t\t\t\t\t\t\t<div class=\"elementor-grid-item\">\n\t\t\t\t\t\t\t\t\t\t\t\t<a  class=\"uael-share-btn-xing\">\n\t\t\t\t\t\t\t<div class=\"uael-share-btn elementor-animation- uaelbtn-shape-square uaelbtn--skin-flat\">\n\n\t\t\t\t\t\t\t\t\t\t\t\t\t\t\t\t\t\t<span class=\"uael-share-btn__icon\" aria-label=\"Share on xing\">\n\t\t\t\t\t\t\t\t\t\t\t\t\t\t\t\t\t\t\t\t\t\t\t\t<i class=\"fab fa-xing\" aria-hidden=\"true\"><\/i>\n\t\t\t\t\t\t\t\t\t\t\t\t\t\t\t\t\t\t\t\t\t\t\t<\/span>\n\t\t\t\t\t\t\t\t\t\t\t\t\t\t\t\t\t<\/div>\n\t\t\t\t\t\t<\/a>\n\t\t\t\t\t<\/div>\n\t\t\t\t\t\t\t\t\t\t<div class=\"elementor-grid-item\">\n\t\t\t\t\t\t\t\t\t\t\t\t<a  class=\"uael-share-btn-email\">\n\t\t\t\t\t\t\t<div class=\"uael-share-btn elementor-animation- uaelbtn-shape-square uaelbtn--skin-flat\">\n\n\t\t\t\t\t\t\t\t\t\t\t\t\t\t\t\t\t\t<span class=\"uael-share-btn__icon\" aria-label=\"Share on email\">\n\t\t\t\t\t\t\t\t\t\t\t\t\t\t\t\t\t\t\t\t\t\t\t\t<i class=\"fas fa-envelope\" aria-hidden=\"true\"><\/i>\n\t\t\t\t\t\t\t\t\t\t\t\t\t\t\t\t\t\t\t\t\t\t\t<\/span>\n\t\t\t\t\t\t\t\t\t\t\t\t\t\t\t\t\t<\/div>\n\t\t\t\t\t\t<\/a>\n\t\t\t\t\t<\/div>\n\t\t\t\t\t\t\t\t<\/div>\n\t\t<\/div>\n\t\t\t\t\t\t<\/div>\n\t\t\t\t<\/div>\n\t\t\t\t\t<\/div>\n\t\t<\/div>\n\t\t\t\t\t<\/div>\n\t\t<\/section>\n\t\t\t\t<\/div>\n\t\t","protected":false},"excerpt":{"rendered":"<p>Problem description: Do you have an unexpected personnel bottleneck in the management of the sales, project management or product management division and cannot close this gap yourself at such short notice? Possible causes for such unforeseen gaps are: sudden, long-term illness and absence of an executive Short-term resignation and leaving of the previous job holder [&hellip;]<\/p>\n","protected":false},"author":1,"featured_media":2151,"comment_status":"closed","ping_status":"open","sticky":false,"template":"","format":"standard","meta":{"site-sidebar-layout":"default","site-content-layout":"default","ast-site-content-layout":"","site-content-style":"default","site-sidebar-style":"default","ast-global-header-display":"","ast-banner-title-visibility":"","ast-main-header-display":"","ast-hfb-above-header-display":"","ast-hfb-below-header-display":"","ast-hfb-mobile-header-display":"","site-post-title":"disabled","ast-breadcrumbs-content":"","ast-featured-img":"disabled","footer-sml-layout":"","theme-transparent-header-meta":"default","adv-header-id-meta":"","stick-header-meta":"","header-above-stick-meta":"","header-main-stick-meta":"","header-below-stick-meta":"","astra-migrate-meta-layouts":"default","ast-page-background-enabled":"default","ast-page-background-meta":{"desktop":{"background-color":"","background-image":"","background-repeat":"repeat","background-position":"center center","background-size":"auto","background-attachment":"scroll","background-type":"","background-media":"","overlay-type":"","overlay-color":"","overlay-opacity":"","overlay-gradient":""},"tablet":{"background-color":"","background-image":"","background-repeat":"repeat","background-position":"center center","background-size":"auto","background-attachment":"scroll","background-type":"","background-media":"","overlay-type":"","overlay-color":"","overlay-opacity":"","overlay-gradient":""},"mobile":{"background-color":"","background-image":"","background-repeat":"repeat","background-position":"center center","background-size":"auto","background-attachment":"scroll","background-type":"","background-media":"","overlay-type":"","overlay-color":"","overlay-opacity":"","overlay-gradient":""}},"ast-content-background-meta":{"desktop":{"background-color":"var(--ast-global-color-5)","background-image":"","background-repeat":"repeat","background-position":"center center","background-size":"auto","background-attachment":"scroll","background-type":"","background-media":"","overlay-type":"","overlay-color":"","overlay-opacity":"","overlay-gradient":""},"tablet":{"background-color":"var(--ast-global-color-5)","background-image":"","background-repeat":"repeat","background-position":"center center","background-size":"auto","background-attachment":"scroll","background-type":"","background-media":"","overlay-type":"","overlay-color":"","overlay-opacity":"","overlay-gradient":""},"mobile":{"background-color":"var(--ast-global-color-5)","background-image":"","background-repeat":"repeat","background-position":"center center","background-size":"auto","background-attachment":"scroll","background-type":"","background-media":"","overlay-type":"","overlay-color":"","overlay-opacity":"","overlay-gradient":""}},"footnotes":""},"categories":[19],"tags":[],"class_list":["post-2017","post","type-post","status-publish","format-standard","has-post-thumbnail","hentry","category-projects"],"yoast_head":"<!-- This site is optimized with the Yoast SEO plugin v25.2 - https:\/\/yoast.com\/wordpress\/plugins\/seo\/ -->\n<title>Robert Schirra - Projekt: Kurzfristige personelle Engp\u00e4sse \u00fcberbr\u00fccken<\/title>\n<meta name=\"description\" content=\"You have an unexpected, personnel bottleneck in the management of sales, project management or product management and ...\" \/>\n<meta name=\"robots\" content=\"index, follow, max-snippet:-1, max-image-preview:large, max-video-preview:-1\" \/>\n<link rel=\"canonical\" href=\"https:\/\/schirra-interim.de\/en\/short-term-personnel-bottlenecks-you-are-temporarily-unable-to-fill-a-management-position-yourself\/\" \/>\n<meta property=\"og:locale\" content=\"en_US\" \/>\n<meta property=\"og:type\" content=\"article\" \/>\n<meta property=\"og:title\" content=\"Robert Schirra - Projekt: Kurzfristige personelle Engp\u00e4sse \u00fcberbr\u00fccken\" \/>\n<meta property=\"og:description\" content=\"You have an unexpected, personnel bottleneck in the management of sales, project management or product management and ...\" \/>\n<meta property=\"og:url\" content=\"https:\/\/schirra-interim.de\/en\/short-term-personnel-bottlenecks-you-are-temporarily-unable-to-fill-a-management-position-yourself\/\" \/>\n<meta property=\"og:site_name\" content=\"Schirra Interim &amp; Consulting\" \/>\n<meta property=\"article:published_time\" content=\"2021-07-20T17:24:30+00:00\" \/>\n<meta property=\"article:modified_time\" content=\"2021-07-21T12:04:47+00:00\" \/>\n<meta property=\"og:image\" content=\"https:\/\/schirra-interim.de\/wp-content\/uploads\/2021\/07\/Schirra-Projekt5.jpg\" \/>\n\t<meta property=\"og:image:width\" content=\"1000\" \/>\n\t<meta property=\"og:image:height\" content=\"667\" \/>\n\t<meta property=\"og:image:type\" content=\"image\/jpeg\" \/>\n<meta name=\"author\" content=\"admin\" \/>\n<meta name=\"twitter:card\" content=\"summary_large_image\" \/>\n<meta name=\"twitter:label1\" content=\"Written by\" \/>\n\t<meta name=\"twitter:data1\" content=\"admin\" \/>\n\t<meta name=\"twitter:label2\" content=\"Est. reading time\" \/>\n\t<meta name=\"twitter:data2\" content=\"1 minute\" \/>\n<script type=\"application\/ld+json\" class=\"yoast-schema-graph\">{\"@context\":\"https:\/\/schema.org\",\"@graph\":[{\"@type\":\"Article\",\"@id\":\"https:\/\/schirra-interim.de\/en\/short-term-personnel-bottlenecks-you-are-temporarily-unable-to-fill-a-management-position-yourself\/#article\",\"isPartOf\":{\"@id\":\"https:\/\/schirra-interim.de\/en\/short-term-personnel-bottlenecks-you-are-temporarily-unable-to-fill-a-management-position-yourself\/\"},\"author\":{\"name\":\"admin\",\"@id\":\"https:\/\/schirra-interim.de\/en\/#\/schema\/person\/e8390b54d283e709dabddedb9d1edfb3\"},\"headline\":\"Short-term personnel bottlenecks: You are temporarily unable to fill a management position yourself?\",\"datePublished\":\"2021-07-20T17:24:30+00:00\",\"dateModified\":\"2021-07-21T12:04:47+00:00\",\"mainEntityOfPage\":{\"@id\":\"https:\/\/schirra-interim.de\/en\/short-term-personnel-bottlenecks-you-are-temporarily-unable-to-fill-a-management-position-yourself\/\"},\"wordCount\":203,\"publisher\":{\"@id\":\"https:\/\/schirra-interim.de\/en\/#\/schema\/person\/4f839b4875b7f3b9c6482ed5d56c651b\"},\"image\":{\"@id\":\"https:\/\/schirra-interim.de\/en\/short-term-personnel-bottlenecks-you-are-temporarily-unable-to-fill-a-management-position-yourself\/#primaryimage\"},\"thumbnailUrl\":\"https:\/\/schirra-interim.de\/wp-content\/uploads\/2021\/07\/Schirra-Projekt5.jpg\",\"articleSection\":[\"Projects\"],\"inLanguage\":\"en-US\"},{\"@type\":\"WebPage\",\"@id\":\"https:\/\/schirra-interim.de\/en\/short-term-personnel-bottlenecks-you-are-temporarily-unable-to-fill-a-management-position-yourself\/\",\"url\":\"https:\/\/schirra-interim.de\/en\/short-term-personnel-bottlenecks-you-are-temporarily-unable-to-fill-a-management-position-yourself\/\",\"name\":\"Robert Schirra - Projekt: Kurzfristige personelle Engp\u00e4sse \u00fcberbr\u00fccken\",\"isPartOf\":{\"@id\":\"https:\/\/schirra-interim.de\/en\/#website\"},\"primaryImageOfPage\":{\"@id\":\"https:\/\/schirra-interim.de\/en\/short-term-personnel-bottlenecks-you-are-temporarily-unable-to-fill-a-management-position-yourself\/#primaryimage\"},\"image\":{\"@id\":\"https:\/\/schirra-interim.de\/en\/short-term-personnel-bottlenecks-you-are-temporarily-unable-to-fill-a-management-position-yourself\/#primaryimage\"},\"thumbnailUrl\":\"https:\/\/schirra-interim.de\/wp-content\/uploads\/2021\/07\/Schirra-Projekt5.jpg\",\"datePublished\":\"2021-07-20T17:24:30+00:00\",\"dateModified\":\"2021-07-21T12:04:47+00:00\",\"description\":\"You have an unexpected, personnel bottleneck in the management of sales, project management or product management and ...\",\"breadcrumb\":{\"@id\":\"https:\/\/schirra-interim.de\/en\/short-term-personnel-bottlenecks-you-are-temporarily-unable-to-fill-a-management-position-yourself\/#breadcrumb\"},\"inLanguage\":\"en-US\",\"potentialAction\":[{\"@type\":\"ReadAction\",\"target\":[\"https:\/\/schirra-interim.de\/en\/short-term-personnel-bottlenecks-you-are-temporarily-unable-to-fill-a-management-position-yourself\/\"]}]},{\"@type\":\"ImageObject\",\"inLanguage\":\"en-US\",\"@id\":\"https:\/\/schirra-interim.de\/en\/short-term-personnel-bottlenecks-you-are-temporarily-unable-to-fill-a-management-position-yourself\/#primaryimage\",\"url\":\"https:\/\/schirra-interim.de\/wp-content\/uploads\/2021\/07\/Schirra-Projekt5.jpg\",\"contentUrl\":\"https:\/\/schirra-interim.de\/wp-content\/uploads\/2021\/07\/Schirra-Projekt5.jpg\",\"width\":1000,\"height\":667},{\"@type\":\"BreadcrumbList\",\"@id\":\"https:\/\/schirra-interim.de\/en\/short-term-personnel-bottlenecks-you-are-temporarily-unable-to-fill-a-management-position-yourself\/#breadcrumb\",\"itemListElement\":[{\"@type\":\"ListItem\",\"position\":1,\"name\":\"Startseite\",\"item\":\"https:\/\/schirra-interim.de\/en\/home\/\"},{\"@type\":\"ListItem\",\"position\":2,\"name\":\"Short-term personnel bottlenecks: You are temporarily unable to fill a management position yourself?\"}]},{\"@type\":\"WebSite\",\"@id\":\"https:\/\/schirra-interim.de\/en\/#website\",\"url\":\"https:\/\/schirra-interim.de\/en\/\",\"name\":\"Schirra Interim &amp; Consulting\",\"description\":\"Vertrieb. Projekte. Produkte.\",\"publisher\":{\"@id\":\"https:\/\/schirra-interim.de\/en\/#\/schema\/person\/4f839b4875b7f3b9c6482ed5d56c651b\"},\"potentialAction\":[{\"@type\":\"SearchAction\",\"target\":{\"@type\":\"EntryPoint\",\"urlTemplate\":\"https:\/\/schirra-interim.de\/en\/?s={search_term_string}\"},\"query-input\":{\"@type\":\"PropertyValueSpecification\",\"valueRequired\":true,\"valueName\":\"search_term_string\"}}],\"inLanguage\":\"en-US\"},{\"@type\":[\"Person\",\"Organization\"],\"@id\":\"https:\/\/schirra-interim.de\/en\/#\/schema\/person\/4f839b4875b7f3b9c6482ed5d56c651b\",\"name\":\"Robert Schirra\",\"image\":{\"@type\":\"ImageObject\",\"inLanguage\":\"en-US\",\"@id\":\"https:\/\/schirra-interim.de\/en\/#\/schema\/person\/image\/\",\"url\":\"https:\/\/schirra-interim.de\/wp-content\/uploads\/2021\/07\/Schirra-interim-consulting-hd-zusammenarbeit-portrait-zitat-mobil.jpg\",\"contentUrl\":\"https:\/\/schirra-interim.de\/wp-content\/uploads\/2021\/07\/Schirra-interim-consulting-hd-zusammenarbeit-portrait-zitat-mobil.jpg\",\"width\":1346,\"height\":996,\"caption\":\"Robert Schirra\"},\"logo\":{\"@id\":\"https:\/\/schirra-interim.de\/en\/#\/schema\/person\/image\/\"}},{\"@type\":\"Person\",\"@id\":\"https:\/\/schirra-interim.de\/en\/#\/schema\/person\/e8390b54d283e709dabddedb9d1edfb3\",\"name\":\"admin\",\"image\":{\"@type\":\"ImageObject\",\"inLanguage\":\"en-US\",\"@id\":\"https:\/\/schirra-interim.de\/en\/#\/schema\/person\/image\/\",\"url\":\"https:\/\/secure.gravatar.com\/avatar\/c5eff8ec4724b70b1085b51142ef2b70d90ffb7e28ee4dd9208d6fa53438b1d9?s=96&d=mm&r=g\",\"contentUrl\":\"https:\/\/secure.gravatar.com\/avatar\/c5eff8ec4724b70b1085b51142ef2b70d90ffb7e28ee4dd9208d6fa53438b1d9?s=96&d=mm&r=g\",\"caption\":\"admin\"},\"sameAs\":[\"https:\/\/schirra-interim.de\"]}]}<\/script>\n<!-- \/ Yoast SEO plugin. -->","yoast_head_json":{"title":"Robert Schirra - Projekt: Kurzfristige personelle Engp\u00e4sse \u00fcberbr\u00fccken","description":"You have an unexpected, personnel bottleneck in the management of sales, project management or product management and ...","robots":{"index":"index","follow":"follow","max-snippet":"max-snippet:-1","max-image-preview":"max-image-preview:large","max-video-preview":"max-video-preview:-1"},"canonical":"https:\/\/schirra-interim.de\/en\/short-term-personnel-bottlenecks-you-are-temporarily-unable-to-fill-a-management-position-yourself\/","og_locale":"en_US","og_type":"article","og_title":"Robert Schirra - Projekt: Kurzfristige personelle Engp\u00e4sse \u00fcberbr\u00fccken","og_description":"You have an unexpected, personnel bottleneck in the management of sales, project management or product management and ...","og_url":"https:\/\/schirra-interim.de\/en\/short-term-personnel-bottlenecks-you-are-temporarily-unable-to-fill-a-management-position-yourself\/","og_site_name":"Schirra Interim &amp; Consulting","article_published_time":"2021-07-20T17:24:30+00:00","article_modified_time":"2021-07-21T12:04:47+00:00","og_image":[{"width":1000,"height":667,"url":"https:\/\/schirra-interim.de\/wp-content\/uploads\/2021\/07\/Schirra-Projekt5.jpg","type":"image\/jpeg"}],"author":"admin","twitter_card":"summary_large_image","twitter_misc":{"Written by":"admin","Est. reading time":"1 minute"},"schema":{"@context":"https:\/\/schema.org","@graph":[{"@type":"Article","@id":"https:\/\/schirra-interim.de\/en\/short-term-personnel-bottlenecks-you-are-temporarily-unable-to-fill-a-management-position-yourself\/#article","isPartOf":{"@id":"https:\/\/schirra-interim.de\/en\/short-term-personnel-bottlenecks-you-are-temporarily-unable-to-fill-a-management-position-yourself\/"},"author":{"name":"admin","@id":"https:\/\/schirra-interim.de\/en\/#\/schema\/person\/e8390b54d283e709dabddedb9d1edfb3"},"headline":"Short-term personnel bottlenecks: You are temporarily unable to fill a management position yourself?","datePublished":"2021-07-20T17:24:30+00:00","dateModified":"2021-07-21T12:04:47+00:00","mainEntityOfPage":{"@id":"https:\/\/schirra-interim.de\/en\/short-term-personnel-bottlenecks-you-are-temporarily-unable-to-fill-a-management-position-yourself\/"},"wordCount":203,"publisher":{"@id":"https:\/\/schirra-interim.de\/en\/#\/schema\/person\/4f839b4875b7f3b9c6482ed5d56c651b"},"image":{"@id":"https:\/\/schirra-interim.de\/en\/short-term-personnel-bottlenecks-you-are-temporarily-unable-to-fill-a-management-position-yourself\/#primaryimage"},"thumbnailUrl":"https:\/\/schirra-interim.de\/wp-content\/uploads\/2021\/07\/Schirra-Projekt5.jpg","articleSection":["Projects"],"inLanguage":"en-US"},{"@type":"WebPage","@id":"https:\/\/schirra-interim.de\/en\/short-term-personnel-bottlenecks-you-are-temporarily-unable-to-fill-a-management-position-yourself\/","url":"https:\/\/schirra-interim.de\/en\/short-term-personnel-bottlenecks-you-are-temporarily-unable-to-fill-a-management-position-yourself\/","name":"Robert Schirra - Projekt: Kurzfristige personelle Engp\u00e4sse \u00fcberbr\u00fccken","isPartOf":{"@id":"https:\/\/schirra-interim.de\/en\/#website"},"primaryImageOfPage":{"@id":"https:\/\/schirra-interim.de\/en\/short-term-personnel-bottlenecks-you-are-temporarily-unable-to-fill-a-management-position-yourself\/#primaryimage"},"image":{"@id":"https:\/\/schirra-interim.de\/en\/short-term-personnel-bottlenecks-you-are-temporarily-unable-to-fill-a-management-position-yourself\/#primaryimage"},"thumbnailUrl":"https:\/\/schirra-interim.de\/wp-content\/uploads\/2021\/07\/Schirra-Projekt5.jpg","datePublished":"2021-07-20T17:24:30+00:00","dateModified":"2021-07-21T12:04:47+00:00","description":"You have an unexpected, personnel bottleneck in the management of sales, project management or product management and ...","breadcrumb":{"@id":"https:\/\/schirra-interim.de\/en\/short-term-personnel-bottlenecks-you-are-temporarily-unable-to-fill-a-management-position-yourself\/#breadcrumb"},"inLanguage":"en-US","potentialAction":[{"@type":"ReadAction","target":["https:\/\/schirra-interim.de\/en\/short-term-personnel-bottlenecks-you-are-temporarily-unable-to-fill-a-management-position-yourself\/"]}]},{"@type":"ImageObject","inLanguage":"en-US","@id":"https:\/\/schirra-interim.de\/en\/short-term-personnel-bottlenecks-you-are-temporarily-unable-to-fill-a-management-position-yourself\/#primaryimage","url":"https:\/\/schirra-interim.de\/wp-content\/uploads\/2021\/07\/Schirra-Projekt5.jpg","contentUrl":"https:\/\/schirra-interim.de\/wp-content\/uploads\/2021\/07\/Schirra-Projekt5.jpg","width":1000,"height":667},{"@type":"BreadcrumbList","@id":"https:\/\/schirra-interim.de\/en\/short-term-personnel-bottlenecks-you-are-temporarily-unable-to-fill-a-management-position-yourself\/#breadcrumb","itemListElement":[{"@type":"ListItem","position":1,"name":"Startseite","item":"https:\/\/schirra-interim.de\/en\/home\/"},{"@type":"ListItem","position":2,"name":"Short-term personnel bottlenecks: You are temporarily unable to fill a management position yourself?"}]},{"@type":"WebSite","@id":"https:\/\/schirra-interim.de\/en\/#website","url":"https:\/\/schirra-interim.de\/en\/","name":"Schirra Interim &amp; Consulting","description":"Vertrieb. Projekte. Produkte.","publisher":{"@id":"https:\/\/schirra-interim.de\/en\/#\/schema\/person\/4f839b4875b7f3b9c6482ed5d56c651b"},"potentialAction":[{"@type":"SearchAction","target":{"@type":"EntryPoint","urlTemplate":"https:\/\/schirra-interim.de\/en\/?s={search_term_string}"},"query-input":{"@type":"PropertyValueSpecification","valueRequired":true,"valueName":"search_term_string"}}],"inLanguage":"en-US"},{"@type":["Person","Organization"],"@id":"https:\/\/schirra-interim.de\/en\/#\/schema\/person\/4f839b4875b7f3b9c6482ed5d56c651b","name":"Robert Schirra","image":{"@type":"ImageObject","inLanguage":"en-US","@id":"https:\/\/schirra-interim.de\/en\/#\/schema\/person\/image\/","url":"https:\/\/schirra-interim.de\/wp-content\/uploads\/2021\/07\/Schirra-interim-consulting-hd-zusammenarbeit-portrait-zitat-mobil.jpg","contentUrl":"https:\/\/schirra-interim.de\/wp-content\/uploads\/2021\/07\/Schirra-interim-consulting-hd-zusammenarbeit-portrait-zitat-mobil.jpg","width":1346,"height":996,"caption":"Robert Schirra"},"logo":{"@id":"https:\/\/schirra-interim.de\/en\/#\/schema\/person\/image\/"}},{"@type":"Person","@id":"https:\/\/schirra-interim.de\/en\/#\/schema\/person\/e8390b54d283e709dabddedb9d1edfb3","name":"admin","image":{"@type":"ImageObject","inLanguage":"en-US","@id":"https:\/\/schirra-interim.de\/en\/#\/schema\/person\/image\/","url":"https:\/\/secure.gravatar.com\/avatar\/c5eff8ec4724b70b1085b51142ef2b70d90ffb7e28ee4dd9208d6fa53438b1d9?s=96&d=mm&r=g","contentUrl":"https:\/\/secure.gravatar.com\/avatar\/c5eff8ec4724b70b1085b51142ef2b70d90ffb7e28ee4dd9208d6fa53438b1d9?s=96&d=mm&r=g","caption":"admin"},"sameAs":["https:\/\/schirra-interim.de"]}]}},"_links":{"self":[{"href":"https:\/\/schirra-interim.de\/en\/wp-json\/wp\/v2\/posts\/2017","targetHints":{"allow":["GET"]}}],"collection":[{"href":"https:\/\/schirra-interim.de\/en\/wp-json\/wp\/v2\/posts"}],"about":[{"href":"https:\/\/schirra-interim.de\/en\/wp-json\/wp\/v2\/types\/post"}],"author":[{"embeddable":true,"href":"https:\/\/schirra-interim.de\/en\/wp-json\/wp\/v2\/users\/1"}],"replies":[{"embeddable":true,"href":"https:\/\/schirra-interim.de\/en\/wp-json\/wp\/v2\/comments?post=2017"}],"version-history":[{"count":15,"href":"https:\/\/schirra-interim.de\/en\/wp-json\/wp\/v2\/posts\/2017\/revisions"}],"predecessor-version":[{"id":2076,"href":"https:\/\/schirra-interim.de\/en\/wp-json\/wp\/v2\/posts\/2017\/revisions\/2076"}],"wp:featuredmedia":[{"embeddable":true,"href":"https:\/\/schirra-interim.de\/en\/wp-json\/wp\/v2\/media\/2151"}],"wp:attachment":[{"href":"https:\/\/schirra-interim.de\/en\/wp-json\/wp\/v2\/media?parent=2017"}],"wp:term":[{"taxonomy":"category","embeddable":true,"href":"https:\/\/schirra-interim.de\/en\/wp-json\/wp\/v2\/categories?post=2017"},{"taxonomy":"post_tag","embeddable":true,"href":"https:\/\/schirra-interim.de\/en\/wp-json\/wp\/v2\/tags?post=2017"}],"curies":[{"name":"wp","href":"https:\/\/api.w.org\/{rel}","templated":true}]}}